{"id":1891,"date":"2026-04-30T13:28:00","date_gmt":"2026-04-30T12:28:00","guid":{"rendered":"https:\/\/www.alterlivres.com\/librairie\/?p=1891"},"modified":"2026-04-30T13:28:00","modified_gmt":"2026-04-30T12:28:00","slug":"expo-sarah-patroni-gimme-a-gun-i-kill-you-fascist","status":"publish","type":"post","link":"https:\/\/www.alterlivres.com\/librairie\/expo-sarah-patroni-gimme-a-gun-i-kill-you-fascist\/","title":{"rendered":"EXPO SARAH PATRONI \u00ab\u00a0GIMME A GUN I KILL YOU FASCIST\u00a0\u00bb"},"content":{"rendered":"\n<figure class=\"wp-block-image size-large is-resized\"><img loading=\"lazy\" decoding=\"async\" width=\"724\" height=\"1024\" src=\"https:\/\/www.alterlivres.com\/librairie\/wp-content\/uploads\/2026\/04\/Sarah-Patroni-_-Sauve-Flyer-2-724x1024.jpg\" alt=\"\" class=\"wp-image-1892\" style=\"width:602px;height:auto\" srcset=\"https:\/\/www.alterlivres.com\/librairie\/wp-content\/uploads\/2026\/04\/Sarah-Patroni-_-Sauve-Flyer-2-724x1024.jpg 724w, https:\/\/www.alterlivres.com\/librairie\/wp-content\/uploads\/2026\/04\/Sarah-Patroni-_-Sauve-Flyer-2-212x300.jpg 212w, https:\/\/www.alterlivres.com\/librairie\/wp-content\/uploads\/2026\/04\/Sarah-Patroni-_-Sauve-Flyer-2-768x1086.jpg 768w, https:\/\/www.alterlivres.com\/librairie\/wp-content\/uploads\/2026\/04\/Sarah-Patroni-_-Sauve-Flyer-2.jpg 827w\" sizes=\"auto, (max-width: 724px) 100vw, 724px\" \/><\/figure>\n\n\n\n<p>Sarah Patroni est n\u00e9e \u00e0 Parme. Une fois dipl\u00f4m\u00e9e des beaux-Arts, elle part voyager en Europe, aux USA et en Am\u00e9rique du sud afin d\u2019exp\u00e9rimenter sa cr\u00e9ation. L&rsquo;artiste vit et travaille maintenant \u00e0 Ganges dans les C\u00e9vennes. Elle nous livre des \u0153uvres baroques-kitch tr\u00e8s color\u00e9es, m\u00ealant peinture et collages, qui communiquent joie, libert\u00e9 et ferveur brute.<\/p>\n\n\n\n<p>Vernissage le 1er mai \u00e0 18h<\/p>\n","protected":false},"excerpt":{"rendered":"<p>Sarah Patroni est n\u00e9e \u00e0 Parme. Une fois dipl\u00f4m\u00e9e des beaux-Arts, elle part voyager en Europe, aux USA et en Am\u00e9rique du sud afin d\u2019exp\u00e9rimenter sa cr\u00e9ation. L&rsquo;artiste vit et travaille maintenant \u00e0 Ganges dans les C\u00e9vennes. Elle nous livre des \u0153uvres baroques-kitch tr\u00e8s color\u00e9es, m\u00ealant peinture et collages, qui communiquent joie, libert\u00e9 et ferveur&hellip; <\/p>\n","protected":false},"author":1,"featured_media":0,"comment_status":"open","ping_status":"open","sticky":false,"template":"","format":"standard","meta":{"footnotes":""},"categories":[22,59],"tags":[],"class_list":["post-1891","post","type-post","status-publish","format-standard","hentry","category-evenements","category-expo"],"_links":{"self":[{"href":"https:\/\/www.alterlivres.com\/librairie\/wp-json\/wp\/v2\/posts\/1891","targetHints":{"allow":["GET"]}}],"collection":[{"href":"https:\/\/www.alterlivres.com\/librairie\/wp-json\/wp\/v2\/posts"}],"about":[{"href":"https:\/\/www.alterlivres.com\/librairie\/wp-json\/wp\/v2\/types\/post"}],"author":[{"embeddable":true,"href":"https:\/\/www.alterlivres.com\/librairie\/wp-json\/wp\/v2\/users\/1"}],"replies":[{"embeddable":true,"href":"https:\/\/www.alterlivres.com\/librairie\/wp-json\/wp\/v2\/comments?post=1891"}],"version-history":[{"count":1,"href":"https:\/\/www.alterlivres.com\/librairie\/wp-json\/wp\/v2\/posts\/1891\/revisions"}],"predecessor-version":[{"id":1893,"href":"https:\/\/www.alterlivres.com\/librairie\/wp-json\/wp\/v2\/posts\/1891\/revisions\/1893"}],"wp:attachment":[{"href":"https:\/\/www.alterlivres.com\/librairie\/wp-json\/wp\/v2\/media?parent=1891"}],"wp:term":[{"taxonomy":"category","embeddable":true,"href":"https:\/\/www.alterlivres.com\/librairie\/wp-json\/wp\/v2\/categories?post=1891"},{"taxonomy":"post_tag","embeddable":true,"href":"https:\/\/www.alterlivres.com\/librairie\/wp-json\/wp\/v2\/tags?post=1891"}],"curies":[{"name":"wp","href":"https:\/\/api.w.org\/{rel}","templated":true}]}}